{"id":367,"date":"2022-08-21T02:41:55","date_gmt":"2022-08-21T02:41:55","guid":{"rendered":"https:\/\/lequotidien.mr\/ar\/?p=367"},"modified":"2022-08-21T02:41:56","modified_gmt":"2022-08-21T02:41:56","slug":"la-mauritanie-accuse-larmee-malienne-de-crimes-recurrents-contre-ses-ressortissants","status":"publish","type":"post","link":"https:\/\/lequotidien.mr\/ar\/2022\/08\/21\/la-mauritanie-accuse-larmee-malienne-de-crimes-recurrents-contre-ses-ressortissants\/","title":{"rendered":"La Mauritanie accuse l\u2019arm\u00e9e malienne de crimes \u00ab\u00a0r\u00e9currents\u00a0\u00bb contre ses ressortissants"},"content":{"rendered":"\n<p>Deux \u00e9v\u00e9nements graves ont impliqu\u00e9 des Mauritaniens en l\u2019espace de quelques semaines au Mali, dont la disparition de plusieurs ressortissants.<\/p>\n\n\n\n<p>La&nbsp;Mauritanie&nbsp;a hauss\u00e9 le ton contre son voisin malien mardi 8&nbsp;mars, accusant son arm\u00e9e de crimes&nbsp;<em>\u00ab&nbsp;r\u00e9currents&nbsp;\u00bb<\/em>&nbsp;sur son sol contre des Mauritaniens. Le minist\u00e8re mauritanien des affaires \u00e9trang\u00e8res a indiqu\u00e9 avoir convoqu\u00e9 l\u2019ambassadeur du Mali, Mohamed Dibassy, et lui avoir signifi\u00e9 sa&nbsp;<em>\u00ab&nbsp;vive protestation contre les r\u00e9cents actes criminels r\u00e9currents&nbsp;\u00bb<\/em>&nbsp;commis selon lui par l\u2019arm\u00e9e malienne contre des Mauritaniens.<\/p>\n\n\n\n<p>La Mauritanie a \u00e9mis cette protestation apr\u00e8s deux \u00e9v\u00e9nements graves impliquant des Mauritaniens en l\u2019espace de quelques semaines au Mali, dont la disparition de plusieurs ressortissants de l\u2019autre c\u00f4t\u00e9 de la fronti\u00e8re dans des circonstances encore obscures il y a quelques jours.<\/p>\n\n\n\n<p>Des enregistrements sonores circulant sur les r\u00e9seaux sociaux, attribu\u00e9s \u00e0 des t\u00e9moins oculaires mais non authentifi\u00e9s, ont mis en cause l\u2019arm\u00e9e malienne dans la disparition d\u2019une trentaine de Mauritaniens du c\u00f4t\u00e9 malien dans la zone frontali\u00e8re au sud d\u2019Adel Bagrou (est de la Mauritanie).<\/p>\n\n\n\n<p>Un d\u00e9put\u00e9 local, Mohamed Mahmoud Ould Henenna, cit\u00e9 par l\u2019agence priv\u00e9e Alakhbar, a parl\u00e9 d\u2019au moins quinze morts. Cette disparition a \u00e9t\u00e9 pr\u00e9c\u00e9d\u00e9e en janvier par la mort, elle aussi dans des circonstances non officiellement \u00e9claircies, de sept Mauritaniens dans le m\u00eame secteur. A l\u2019\u00e9poque d\u00e9j\u00e0, la question d\u2019une possible implication de soldats maliens avait \u00e9t\u00e9 pos\u00e9e.<\/p>\n\n\n\n<h3 class=\"wp-block-heading\">\u00ab&nbsp;Fermer la fronti\u00e8re&nbsp;\u00bb&nbsp;?<\/h3>\n\n\n\n<p>Le minist\u00e8re mauritanien rappelle dans un communiqu\u00e9 publi\u00e9 par l\u2019agence de presse nationale que le gouvernement avait \u00e0 cette occasion envoy\u00e9 une d\u00e9l\u00e9gation de haut niveau au Mali,&nbsp;<em>\u00ab&nbsp;pour tenter de contenir ce comportement hostile envers nos concitoyens&nbsp;\u00bb<\/em>.&nbsp;<em>\u00ab&nbsp;Malgr\u00e9 les assurances donn\u00e9es&nbsp;\u00bb<\/em>&nbsp;par les autorit\u00e9s maliennes, leur r\u00e9ponse&nbsp;<em>\u00ab&nbsp;est rest\u00e9e en de\u00e7\u00e0 des attentes&nbsp;\u00bb<\/em>, d\u00e9plore le minist\u00e8re.<\/p>\n\n\n\n<p>Un diplomate mauritanien s\u2019exprimant sous le couvert de l\u2019anonymat suivant la pratique courante dans une telle situation a mis en garde les autorit\u00e9s maliennes.&nbsp;<em>\u00ab&nbsp;Nous avons clairement dit aux Maliens que, si \u00e7a continue, nous allons fermer la fronti\u00e8re<\/em>, a-t-il pr\u00e9cis\u00e9.&nbsp;<em>En plus, les autorit\u00e9s \u00e0 Bamako ne d\u00e9crochent pas le t\u00e9l\u00e9phone quand nous les appelons.&nbsp;\u00bb<\/em><\/p>\n\n\n\n<p>En janvier, le gouvernement malien avait annonc\u00e9 l\u2019ouverture d\u2019une enqu\u00eate et assur\u00e9 qu\u2019aucun \u00e9l\u00e9ment ne mettait en cause l\u2019arm\u00e9e malienne. Aucun \u00e9l\u00e9ment de ces investigations n\u2019a \u00e9t\u00e9 rendu public depuis. La junte au pouvoir au Mali depuis ao\u00fbt&nbsp;2020 ne s\u2019est toujours pas exprim\u00e9e sur les r\u00e9centes disparitions.<\/p>\n\n\n\n<p>Le Mali est pris dans la tourmente depuis le d\u00e9clenchement d\u2019insurrections ind\u00e9pendantiste et djihadiste en&nbsp;2012. En plus des agissements des groupes arm\u00e9s affili\u00e9s \u00e0 Al-Qaida et \u00e0 l\u2019organisation Etat islamique, des violences intercommunautaires et des actes crapuleux, l\u2019arm\u00e9e est r\u00e9guli\u00e8rement accus\u00e9e d\u2019exactions. Ces violences ont fait des milliers de morts, civils et militaires.<\/p>\n\n\n\n<h3 class=\"wp-block-heading\">\u00ab&nbsp;Exactions \u00e0 r\u00e9p\u00e9tition&nbsp;\u00bb<\/h3>\n\n\n\n<p>La Mauritanie, avec laquelle le Mali partage plus de 2&nbsp;000&nbsp;kilom\u00e8tres de fronti\u00e8re, a \u00e9t\u00e9 touch\u00e9e par l\u2019expansion des groupes islamistes d\u2019Alg\u00e9rie au d\u00e9but des ann\u00e9es 2000, mais n\u2019a plus connu d\u2019attaque sur son sol depuis 2011.<\/p>\n\n\n\n<p>Des dizaines de Mauritaniens ont manifest\u00e9 mardi devant la pr\u00e9sidence \u00e0 Nouakchott pour r\u00e9clamer la fin des exactions commises selon eux par l\u2019arm\u00e9e malienne contre des compatriotes, a constat\u00e9 un correspondant de l\u2019AFP.&nbsp;<em>\u00ab&nbsp;Nos fr\u00e8res sont froidement assassin\u00e9s par l\u2019arm\u00e9e malienne, nous devons r\u00e9agir vite contre ces exactions \u00e0 r\u00e9p\u00e9tition&nbsp;\u00bb,<\/em>&nbsp;a d\u00e9clar\u00e9 l\u2019un des participants, Ahmed Sidi, originaire de la m\u00eame r\u00e9gion que les disparus.<\/p>\n\n\n\n<p>Nouakchott \u00e9l\u00e8ve la voix alors que la junte malienne a entrepris r\u00e9cemment un effort de rapprochement avec la Mauritanie. Il s\u2019agit pour les colonels de contrer l\u2019embargo impos\u00e9 en janvier par la Communaut\u00e9 \u00e9conomique des Etats de l\u2019Afrique de l\u2019Ouest (Cedeao) pour sanctionner leur projet de se maintenir encore plusieurs ann\u00e9es au pouvoir.<\/p>\n\n\n\n<p>Les Etats membres de l\u2019organisation intergouvernementale ont ferm\u00e9 leurs fronti\u00e8res avec le Mali, sauf la Guin\u00e9e, elle-m\u00eame dirig\u00e9e par des militaires. La Mauritanie et l\u2019Alg\u00e9rie, qui ne font pas partie de la Cedeao, ont gard\u00e9 leurs fronti\u00e8res ouvertes.<\/p>\n\n\n\n<p>Le minist\u00e8re mauritanien explique dans son communiqu\u00e9 que les liens historiques et les consid\u00e9rations humanitaires l\u2019ont emp\u00each\u00e9&nbsp;<em>\u00ab&nbsp;d\u2019affamer le peuple malien fr\u00e8re&nbsp;\u00bb<\/em>. Mais il pr\u00e9vient&nbsp;<em>\u00ab&nbsp;que la vie de nos innocents concitoyens et la s\u00e9curit\u00e9 de leurs biens resteront au-dessus de toute autre consid\u00e9ration&nbsp;\u00bb<\/em>.<\/p>\n\n\n\n<p>Le Monde avec AFP<\/p>\n","protected":false},"excerpt":{"rendered":"<p>Deux \u00e9v\u00e9nements graves ont impliqu\u00e9 des Mauritaniens en l\u2019espace de quelques semaines au Mali, dont la disparition de plusieurs ressortissants. La&nbsp;Mauritanie&nbsp;a hauss\u00e9 le ton contre son voisin malien mardi 8&nbsp;mars, accusant son arm\u00e9e de crimes&nbsp;\u00ab&nbsp;r\u00e9currents&nbsp;\u00bb&nbsp;sur son sol contre des Mauritaniens. Le minist\u00e8re mauritanien des affaires \u00e9trang\u00e8res a indiqu\u00e9 avoir convoqu\u00e9 l\u2019ambassadeur du Mali, Mohamed Dibassy, [&hellip;]<\/p>\n","protected":false},"author":1,"featured_media":368,"comment_status":"open","ping_status":"open","sticky":false,"template":"","format":"standard","meta":{"footnotes":""},"categories":[43],"tags":[],"class_list":["post-367","post","type-post","status-publish","format-standard","has-post-thumbnail","hentry","category-actualite"],"_links":{"self":[{"href":"https:\/\/lequotidien.mr\/ar\/wp-json\/wp\/v2\/posts\/367","targetHints":{"allow":["GET"]}}],"collection":[{"href":"https:\/\/lequotidien.mr\/ar\/wp-json\/wp\/v2\/posts"}],"about":[{"href":"https:\/\/lequotidien.mr\/ar\/wp-json\/wp\/v2\/types\/post"}],"author":[{"embeddable":true,"href":"https:\/\/lequotidien.mr\/ar\/wp-json\/wp\/v2\/users\/1"}],"replies":[{"embeddable":true,"href":"https:\/\/lequotidien.mr\/ar\/wp-json\/wp\/v2\/comments?post=367"}],"version-history":[{"count":1,"href":"https:\/\/lequotidien.mr\/ar\/wp-json\/wp\/v2\/posts\/367\/revisions"}],"predecessor-version":[{"id":369,"href":"https:\/\/lequotidien.mr\/ar\/wp-json\/wp\/v2\/posts\/367\/revisions\/369"}],"wp:featuredmedia":[{"embeddable":true,"href":"https:\/\/lequotidien.mr\/ar\/wp-json\/wp\/v2\/media\/368"}],"wp:attachment":[{"href":"https:\/\/lequotidien.mr\/ar\/wp-json\/wp\/v2\/media?parent=367"}],"wp:term":[{"taxonomy":"category","embeddable":true,"href":"https:\/\/lequotidien.mr\/ar\/wp-json\/wp\/v2\/categories?post=367"},{"taxonomy":"post_tag","embeddable":true,"href":"https:\/\/lequotidien.mr\/ar\/wp-json\/wp\/v2\/tags?post=367"}],"curies":[{"name":"wp","href":"https:\/\/api.w.org\/{rel}","templated":true}]}}