{"id":361,"date":"2022-08-21T02:33:55","date_gmt":"2022-08-21T02:33:55","guid":{"rendered":"https:\/\/lequotidien.mr\/ar\/?p=361"},"modified":"2022-08-21T02:33:56","modified_gmt":"2022-08-21T02:33:56","slug":"gelson-fernandes-le-monsieur-afrique-de-la-fifa","status":"publish","type":"post","link":"https:\/\/lequotidien.mr\/ar\/2022\/08\/21\/gelson-fernandes-le-monsieur-afrique-de-la-fifa\/","title":{"rendered":"Gelson Fernandes, le Monsieur Afrique de la FIFA"},"content":{"rendered":"\n<p>La FIFA a nomm\u00e9 le Suisse Gelson Fernandes au poste de Directeur R\u00e9gional de la division Associations Membres pour l\u2019Afrique, poste qu\u2019occupait Veron Mosengo-Omba devenu SG de la CAF depuis l\u2019arriv\u00e9e de Motsepe \u00e0 la t\u00eate de l\u2019instance africaine et dont il doit reprendre une partie des attributions.<\/p>\n\n\n\n<figure class=\"wp-block-image\"><a href=\"#\" target=\"_blank\" rel=\"noreferrer noopener\"><img decoding=\"async\" src=\"https:\/\/lequotidien.mr\/ar\/wp-content\/uploads\/2022\/03\/Le-Quotidien-300-250.png\" alt=\"\"\/><\/a><\/figure>\n\n\n\n<p>&nbsp;Le nouveau patron R\u00e9gional Africain sera install\u00e9 dans ses fonctions le premier Ao\u00fbt 2022. Il aura en charge la supervision des prestations en vue de renforcer le d\u00e9veloppement des associations membres africaines \u00e0 travers le Programme Forward de la FIFA.<\/p>\n\n\n\n<p>Apr\u00e8s une belle carri\u00e8re de footballeur, un poste de dirigeant sportif (vice-pr\u00e9sident du FC Sion), cet ancien milieu de terrain d\u2019origine Cap-Verdienne, de nationalit\u00e9 Suisse, ne sera pas en terre inconnue.<\/p>\n\n\n\n<p>\u00ab&nbsp;C\u2019est un grand honneur et je suis tr\u00e8s fier de rejoindre la FIFA&nbsp;\u00bb, souligne t-il. \u00ab&nbsp;Quand on est africain, comme moi, on se doit d\u2019accepter une proposition comme celle qui m\u2019a \u00e9t\u00e9 faite car c\u2019est le meilleur moyen de rendre \u00e0 l\u2019Afrique ce qu\u2019elle m\u2019a donn\u00e9. \u00c0 vrai dire, je me sens dans l\u2019obligation de travailler pour l\u2019Afrique et pour son football. Cette mission qui d\u00e9marre au mois d\u2019ao\u00fbt me permet de revenir \u00e0 mes racines, d\u2019exprimer ma gratitude \u00e0 ce continent et de tout donner pour le football africain&nbsp;\u00bb, ajoute-t-il.&nbsp;<\/p>\n\n\n\n<p>Impatient d\u2019entamer ses fonctions, Gelson Fernandes a conscience de la t\u00e2che qui l\u2019attend. \u00ab&nbsp;En collaboration avec les associations membres, nous comptons rechercher des solutions susceptibles d\u2019am\u00e9liorer la situation actuelle. L\u2019objectif est d\u2019impliquer tout le monde dans cette aventure. Le continent africain a un potentiel incroyable. J\u2019y ai vu le jour et j\u2019incarne l\u2019une des belles histoires qu\u2019il est capable de g\u00e9n\u00e9rer. Le football peut changer la vie d\u2019un tr\u00e8s grand nombre de personnes. Son pouvoir est immense. J\u2019entends bien y consacrer toute mon \u00e9nergie. C\u2019est un d\u00e9fi de taille que je rel\u00e8ve avec beaucoup de fiert\u00e9.&nbsp;\u00bb<\/p>\n\n\n\n<p><strong>Avec FIFA.Com<\/strong><\/p>\n","protected":false},"excerpt":{"rendered":"<p>La FIFA a nomm\u00e9 le Suisse Gelson Fernandes au poste de Directeur R\u00e9gional de la division Associations Membres pour l\u2019Afrique, poste qu\u2019occupait Veron Mosengo-Omba devenu SG de la CAF depuis l\u2019arriv\u00e9e de Motsepe \u00e0 la t\u00eate de l\u2019instance africaine et dont il doit reprendre une partie des attributions. &nbsp;Le nouveau patron R\u00e9gional Africain sera install\u00e9 [&hellip;]<\/p>\n","protected":false},"author":1,"featured_media":362,"comment_status":"open","ping_status":"open","sticky":false,"template":"","format":"standard","meta":{"footnotes":""},"categories":[47],"tags":[],"class_list":["post-361","post","type-post","status-publish","format-standard","has-post-thumbnail","hentry","category-sport"],"_links":{"self":[{"href":"https:\/\/lequotidien.mr\/ar\/wp-json\/wp\/v2\/posts\/361","targetHints":{"allow":["GET"]}}],"collection":[{"href":"https:\/\/lequotidien.mr\/ar\/wp-json\/wp\/v2\/posts"}],"about":[{"href":"https:\/\/lequotidien.mr\/ar\/wp-json\/wp\/v2\/types\/post"}],"author":[{"embeddable":true,"href":"https:\/\/lequotidien.mr\/ar\/wp-json\/wp\/v2\/users\/1"}],"replies":[{"embeddable":true,"href":"https:\/\/lequotidien.mr\/ar\/wp-json\/wp\/v2\/comments?post=361"}],"version-history":[{"count":1,"href":"https:\/\/lequotidien.mr\/ar\/wp-json\/wp\/v2\/posts\/361\/revisions"}],"predecessor-version":[{"id":363,"href":"https:\/\/lequotidien.mr\/ar\/wp-json\/wp\/v2\/posts\/361\/revisions\/363"}],"wp:featuredmedia":[{"embeddable":true,"href":"https:\/\/lequotidien.mr\/ar\/wp-json\/wp\/v2\/media\/362"}],"wp:attachment":[{"href":"https:\/\/lequotidien.mr\/ar\/wp-json\/wp\/v2\/media?parent=361"}],"wp:term":[{"taxonomy":"category","embeddable":true,"href":"https:\/\/lequotidien.mr\/ar\/wp-json\/wp\/v2\/categories?post=361"},{"taxonomy":"post_tag","embeddable":true,"href":"https:\/\/lequotidien.mr\/ar\/wp-json\/wp\/v2\/tags?post=361"}],"curies":[{"name":"wp","href":"https:\/\/api.w.org\/{rel}","templated":true}]}}